{"id":12128,"date":"2019-09-17T08:47:45","date_gmt":"2019-09-17T06:47:45","guid":{"rendered":"https:\/\/www.hospizgruppe-donau-ries.de\/?p=12128"},"modified":"2020-01-05T10:27:10","modified_gmt":"2020-01-05T09:27:10","slug":"termin-und-ort-des-naechsten-offenen-trauerkreis","status":"publish","type":"post","link":"https:\/\/www.hospizgruppe-donau-ries.de\/?p=12128","title":{"rendered":"Termin und Ort des n\u00e4chsten offenen Trauerkreis"},"content":{"rendered":"<p>Offener Trauergespr\u00e4chskreis in 86753 M\u00f6ttingen, B\u00fcrgerzentrum, Dorfplatz 12,<\/p>\n<p>von 15:00 bis 17:oo  Uhr<\/p>\n<p>Die folgenden Termine finden jeden 1. Montag im Monat statt. <a href=\"https:\/\/www.hospizgruppe-donau-ries.de\/wp-content\/uploads\/2019\/09\/Offener-Trauertreff-Termine-2020-M\u00f6ttingen.pdf\">Offener Trauertreff Termine 2020 M\u00f6ttingen<\/a><\/p>\n","protected":false},"excerpt":{"rendered":"<p>Offener Trauergespr\u00e4chskreis in 86753 M\u00f6ttingen, B\u00fcrgerzentrum, Dorfplatz 12,<\/p>\n<p>von 15:00 bis 17:oo  Uhr<\/p>\n<p><strong>Die folgenden Termine finden jeden 1. Montag im Monat statt.<\/strong> <a href=\"https:\/\/www.hospizgruppe-donau-ries.de\/wp-content\/uploads\/2014\/11\/Trauertreff-Termine-2019-M\u00f6ttingen.pdf\" style=\"color: #07239f\">Trauertreff Termine 2019 M\u00f6ttingen<\/a><\/p>\n","protected":false},"author":1,"featured_media":0,"comment_status":"closed","ping_status":"open","sticky":false,"template":"","format":"standard","meta":{"footnotes":""},"categories":[93],"tags":[],"class_list":["post-12128","post","type-post","status-publish","format-standard","hentry","category-termin"],"_links":{"self":[{"href":"https:\/\/www.hospizgruppe-donau-ries.de\/index.php?rest_route=\/wp\/v2\/posts\/12128","targetHints":{"allow":["GET"]}}],"collection":[{"href":"https:\/\/www.hospizgruppe-donau-ries.de\/index.php?rest_route=\/wp\/v2\/posts"}],"about":[{"href":"https:\/\/www.hospizgruppe-donau-ries.de\/index.php?rest_route=\/wp\/v2\/types\/post"}],"author":[{"embeddable":true,"href":"https:\/\/www.hospizgruppe-donau-ries.de\/index.php?rest_route=\/wp\/v2\/users\/1"}],"replies":[{"embeddable":true,"href":"https:\/\/www.hospizgruppe-donau-ries.de\/index.php?rest_route=%2Fwp%2Fv2%2Fcomments&post=12128"}],"version-history":[{"count":13,"href":"https:\/\/www.hospizgruppe-donau-ries.de\/index.php?rest_route=\/wp\/v2\/posts\/12128\/revisions"}],"predecessor-version":[{"id":12246,"href":"https:\/\/www.hospizgruppe-donau-ries.de\/index.php?rest_route=\/wp\/v2\/posts\/12128\/revisions\/12246"}],"wp:attachment":[{"href":"https:\/\/www.hospizgruppe-donau-ries.de\/index.php?rest_route=%2Fwp%2Fv2%2Fmedia&parent=12128"}],"wp:term":[{"taxonomy":"category","embeddable":true,"href":"https:\/\/www.hospizgruppe-donau-ries.de\/index.php?rest_route=%2Fwp%2Fv2%2Fcategories&post=12128"},{"taxonomy":"post_tag","embeddable":true,"href":"https:\/\/www.hospizgruppe-donau-ries.de\/index.php?rest_route=%2Fwp%2Fv2%2Ftags&post=12128"}],"curies":[{"name":"wp","href":"https:\/\/api.w.org\/{rel}","templated":true}]}}