{"id":12126,"date":"2019-09-17T08:44:26","date_gmt":"2019-09-17T06:44:26","guid":{"rendered":"https:\/\/www.hospizgruppe-donau-ries.de\/?p=12126"},"modified":"2019-09-17T14:17:40","modified_gmt":"2019-09-17T12:17:40","slug":"kinoabend-anlaesslich-des-welthospiztages","status":"publish","type":"post","link":"https:\/\/www.hospizgruppe-donau-ries.de\/?p=12126","title":{"rendered":"Kinoabend (anl\u00e4sslich des Welthospiztages)"},"content":{"rendered":"<p><strong>\u201eEdie \u2013 F\u00fcr Tr\u00e4ume ist es nie zu sp\u00e4t\u201c<br \/>\n<\/strong><br \/>\nTermin: Mittwoch, 23. Oktober 2019<\/p>\n<p>Ort: Hindenburgstr. 6, 86609 Donauw\u00f6rth, Cinedrom<\/p>\n<p>in Kooperation mit der VHS Donauw\u00f6rth<\/p>\n<p>Uhrzeit: 17:30 Uhr und 20:00 Uhr<\/p>\n<p>Bitte lesen Sie hier: <a href=\"https:\/\/www.hospizgruppe-donau-ries.de\/wp-content\/uploads\/2014\/11\/Edie-Inhaltsangabe.pdf\">Edie-Inhaltsangabe<\/a><\/p>\n","protected":false},"excerpt":{"rendered":"<p><strong>\u201eEdie \u2013 F\u00fcr Tr\u00e4ume ist es nie zu sp\u00e4t\u201c<br \/>\n<\/strong><\/p>\n<p>Termin: &#038;nbsp Mittwoch, 23. Oktober 2019<\/p>\n<p>Ort: &#038;nbsp&#038;nbsp&#038;nbsp&#038;nbsp&#038;nbsp&#038;nbsp&#038;nbsp&#038;nbsp Hindenburgstr. 6, 86609 Donauw\u00f6rth, Cinedrom<\/p>\n<p> &#038;nbsp&#038;nbsp&#038;nbsp&#038;nbsp&#038;nbsp&#038;nbsp&#038;nbsp&#038;nbsp &#038;nbsp&#038;nbsp&#038;nbsp&#038;nbsp&#038;nbsp&#038;nbsp&#038;nbsp&#038;nbspin Kooperation mit der VHS Donauw\u00f6rth<\/p>\n<p>Uhrzeit: &#038;nbsp 17:30 Uhr und 20:00 Uhr<\/p>\n<p><strong>Bitte lesen Sie hier:<\/strong> &#038;nbsp <a href=\"https:\/\/www.hospizgruppe-donau-ries.de\/wp-content\/uploads\/2014\/11\/Edie-Inhaltsangabe.pdf\" style=\"color: #07239f\">Edie-Inhaltsangabe<\/a><\/p>\n","protected":false},"author":1,"featured_media":0,"comment_status":"closed","ping_status":"open","sticky":false,"template":"","format":"standard","meta":{"footnotes":""},"categories":[93],"tags":[],"class_list":["post-12126","post","type-post","status-publish","format-standard","hentry","category-termin"],"_links":{"self":[{"href":"https:\/\/www.hospizgruppe-donau-ries.de\/index.php?rest_route=\/wp\/v2\/posts\/12126","targetHints":{"allow":["GET"]}}],"collection":[{"href":"https:\/\/www.hospizgruppe-donau-ries.de\/index.php?rest_route=\/wp\/v2\/posts"}],"about":[{"href":"https:\/\/www.hospizgruppe-donau-ries.de\/index.php?rest_route=\/wp\/v2\/types\/post"}],"author":[{"embeddable":true,"href":"https:\/\/www.hospizgruppe-donau-ries.de\/index.php?rest_route=\/wp\/v2\/users\/1"}],"replies":[{"embeddable":true,"href":"https:\/\/www.hospizgruppe-donau-ries.de\/index.php?rest_route=%2Fwp%2Fv2%2Fcomments&post=12126"}],"version-history":[{"count":13,"href":"https:\/\/www.hospizgruppe-donau-ries.de\/index.php?rest_route=\/wp\/v2\/posts\/12126\/revisions"}],"predecessor-version":[{"id":12229,"href":"https:\/\/www.hospizgruppe-donau-ries.de\/index.php?rest_route=\/wp\/v2\/posts\/12126\/revisions\/12229"}],"wp:attachment":[{"href":"https:\/\/www.hospizgruppe-donau-ries.de\/index.php?rest_route=%2Fwp%2Fv2%2Fmedia&parent=12126"}],"wp:term":[{"taxonomy":"category","embeddable":true,"href":"https:\/\/www.hospizgruppe-donau-ries.de\/index.php?rest_route=%2Fwp%2Fv2%2Fcategories&post=12126"},{"taxonomy":"post_tag","embeddable":true,"href":"https:\/\/www.hospizgruppe-donau-ries.de\/index.php?rest_route=%2Fwp%2Fv2%2Ftags&post=12126"}],"curies":[{"name":"wp","href":"https:\/\/api.w.org\/{rel}","templated":true}]}}